{"id":114,"date":"2021-11-22T12:00:25","date_gmt":"2021-11-22T12:00:25","guid":{"rendered":"https:\/\/www.aele.ae\/?p=114"},"modified":"2021-11-24T16:04:53","modified_gmt":"2021-11-24T16:04:53","slug":"gran-celebracion-de-navidad-de-el-cole-en-dubai","status":"publish","type":"post","link":"https:\/\/www.aele.ae\/en\/gran-celebracion-de-navidad-de-el-cole-en-dubai\/","title":{"rendered":"Gran celebraci\u00f3n de Navidad de &#8216;El Cole&#8217; en Dubai"},"content":{"rendered":"<div class=\"summary text-center\">Alumnos, familias y profesores participan en un evento art\u00edstico que clausura las clases de un exitoso a\u00f1o 2019 para el centro. Un\u00a0<strong>rotundo \u00e9xito<\/strong>\u00a0ha sido el\u00a0<strong>proyecto educativo de &#8216;El Cole&#8217;<\/strong>\u00a0<strong>en Dubai<\/strong>\u00a0que, a\u00a0 menos de tres meses de su apertura, ya cuenta con casi un\u00a0<strong>centenar de ni\u00f1os y ni\u00f1as<\/strong>\u00a0inscritos en su programa. En el centro\u00a0<strong>aprenden espa\u00f1ol<\/strong>\u00a0al tiempo que\u00a0<strong>fortalecen sus v\u00ednculos sociales<\/strong>\u00a0con otros menores de origen hispano,\u00a0<strong>refuerzan tradiciones y costumbres<\/strong>\u00a0y\u00a0<strong>rescatan valiosos conocimientos<\/strong> sobre su lengua materna, un poco olvidada en su d\u00eda a d\u00eda ya que se comunican en ingl\u00e9s, \u00e1rabe u otros idiomas. <b>Leer m\u00e1s:<\/b> <a href=\"https:\/\/www.elcorreo.ae\/articulo\/cultura\/gran-celebracion-navidad-cole-en-dubai\/20191216102747100374.html\">Gran celebraci\u00f3n de Navidad de &#8216;El Cole&#8217; en Dubai (elcorreo.ae)<\/a><\/div>\n<div class=\"article-media article-media-hero\"><\/div>","protected":false},"excerpt":{"rendered":"<p>Alumnos, familias y profesores participan en un evento art\u00edstico que clausura las clases de un exitoso a\u00f1o 2019 para el centro. Un\u00a0rotundo \u00e9xito\u00a0ha sido el\u00a0proyecto educativo<span class=\"excerpt-hellip\"> [\u2026]<\/span><\/p>","protected":false},"author":1,"featured_media":115,"comment_status":"open","ping_status":"open","sticky":false,"template":"","format":"standard","meta":{"footnotes":""},"categories":[1],"tags":[],"class_list":["post-114","post","type-post","status-publish","format-standard","has-post-thumbnail","hentry","category-uncategorized"],"yoast_head":"<!-- This site is optimized with the Yoast SEO plugin v21.0 - https:\/\/yoast.com\/wordpress\/plugins\/seo\/ -->\n<title>Gran celebraci\u00f3n de Navidad de &#039;El Cole&#039; en Dubai - Agrupaci\u00f3n Educativa de Lengua Espa\u00f1ola<\/title>\n<meta name=\"robots\" content=\"index, follow, max-snippet:-1, max-image-preview:large, max-video-preview:-1\" \/>\n<link rel=\"canonical\" href=\"https:\/\/www.aele.ae\/en\/gran-celebracion-de-navidad-de-el-cole-en-dubai\/\" \/>\n<meta property=\"og:locale\" content=\"en_GB\" \/>\n<meta property=\"og:type\" content=\"article\" \/>\n<meta property=\"og:title\" content=\"Gran celebraci\u00f3n de Navidad de &#039;El Cole&#039; en Dubai - Agrupaci\u00f3n Educativa de Lengua Espa\u00f1ola\" \/>\n<meta property=\"og:description\" content=\"Alumnos, familias y profesores participan en un evento art\u00edstico que clausura las clases de un exitoso a\u00f1o 2019 para el centro. Un\u00a0rotundo \u00e9xito\u00a0ha sido el\u00a0proyecto educativo [\u2026]\" \/>\n<meta property=\"og:url\" content=\"https:\/\/www.aele.ae\/en\/gran-celebracion-de-navidad-de-el-cole-en-dubai\/\" \/>\n<meta property=\"og:site_name\" content=\"Agrupaci\u00f3n Educativa de Lengua Espa\u00f1ola\" \/>\n<meta property=\"article:published_time\" content=\"2021-11-22T12:00:25+00:00\" \/>\n<meta property=\"article:modified_time\" content=\"2021-11-24T16:04:53+00:00\" \/>\n<meta property=\"og:image\" content=\"https:\/\/www.aele.ae\/wp-content\/uploads\/2021\/11\/el_cole_acto_de_navidad_2.jpg\" \/>\n\t<meta property=\"og:image:width\" content=\"839\" \/>\n\t<meta property=\"og:image:height\" content=\"558\" \/>\n\t<meta property=\"og:image:type\" content=\"image\/jpeg\" \/>\n<meta name=\"author\" content=\"admin\" \/>\n<meta name=\"twitter:card\" content=\"summary_large_image\" \/>\n<meta name=\"twitter:label1\" content=\"Written by\" \/>\n\t<meta name=\"twitter:data1\" content=\"admin\" \/>\n\t<meta name=\"twitter:label2\" content=\"Estimated reading time\" \/>\n\t<meta name=\"twitter:data2\" content=\"1 minute\" \/>\n<script type=\"application\/ld+json\" class=\"yoast-schema-graph\">{\"@context\":\"https:\/\/schema.org\",\"@graph\":[{\"@type\":\"WebPage\",\"@id\":\"https:\/\/www.aele.ae\/en\/gran-celebracion-de-navidad-de-el-cole-en-dubai\/\",\"url\":\"https:\/\/www.aele.ae\/en\/gran-celebracion-de-navidad-de-el-cole-en-dubai\/\",\"name\":\"Gran celebraci\u00f3n de Navidad de 'El Cole' en Dubai - Agrupaci\u00f3n Educativa de Lengua Espa\u00f1ola\",\"isPartOf\":{\"@id\":\"https:\/\/www.aele.ae\/#website\"},\"datePublished\":\"2021-11-22T12:00:25+00:00\",\"dateModified\":\"2021-11-24T16:04:53+00:00\",\"author\":{\"@id\":\"https:\/\/www.aele.ae\/#\/schema\/person\/c341d4cc222c58e47e2ccf4d548a8fe7\"},\"breadcrumb\":{\"@id\":\"https:\/\/www.aele.ae\/en\/gran-celebracion-de-navidad-de-el-cole-en-dubai\/#breadcrumb\"},\"inLanguage\":\"en-GB\",\"potentialAction\":[{\"@type\":\"ReadAction\",\"target\":[\"https:\/\/www.aele.ae\/en\/gran-celebracion-de-navidad-de-el-cole-en-dubai\/\"]}]},{\"@type\":\"BreadcrumbList\",\"@id\":\"https:\/\/www.aele.ae\/en\/gran-celebracion-de-navidad-de-el-cole-en-dubai\/#breadcrumb\",\"itemListElement\":[{\"@type\":\"ListItem\",\"position\":1,\"name\":\"Portada\",\"item\":\"https:\/\/www.aele.ae\/\"},{\"@type\":\"ListItem\",\"position\":2,\"name\":\"Gran celebraci\u00f3n de Navidad de &#8216;El Cole&#8217; en Dubai\"}]},{\"@type\":\"WebSite\",\"@id\":\"https:\/\/www.aele.ae\/#website\",\"url\":\"https:\/\/www.aele.ae\/\",\"name\":\"Agrupaci\u00f3n Educativa de Lengua Espa\u00f1ola\",\"description\":\"Otro sitio realizado con WordPress\",\"potentialAction\":[{\"@type\":\"SearchAction\",\"target\":{\"@type\":\"EntryPoint\",\"urlTemplate\":\"https:\/\/www.aele.ae\/?s={search_term_string}\"},\"query-input\":\"required name=search_term_string\"}],\"inLanguage\":\"en-GB\"},{\"@type\":\"Person\",\"@id\":\"https:\/\/www.aele.ae\/#\/schema\/person\/c341d4cc222c58e47e2ccf4d548a8fe7\",\"name\":\"admin\",\"image\":{\"@type\":\"ImageObject\",\"inLanguage\":\"en-GB\",\"@id\":\"https:\/\/www.aele.ae\/#\/schema\/person\/image\/\",\"url\":\"https:\/\/secure.gravatar.com\/avatar\/4edc72f7e998c1c7194e805ea875df993af9aa5723a1c791c0e3efdeb11491a1?s=96&d=mm&r=g\",\"contentUrl\":\"https:\/\/secure.gravatar.com\/avatar\/4edc72f7e998c1c7194e805ea875df993af9aa5723a1c791c0e3efdeb11491a1?s=96&d=mm&r=g\",\"caption\":\"admin\"},\"sameAs\":[\"http:\/\/localhost\/aele\"],\"url\":\"https:\/\/www.aele.ae\/en\/author\/admin\/\"}]}<\/script>\n<!-- \/ Yoast SEO plugin. -->","yoast_head_json":{"title":"Gran celebraci\u00f3n de Navidad de 'El Cole' en Dubai - Agrupaci\u00f3n Educativa de Lengua Espa\u00f1ola","robots":{"index":"index","follow":"follow","max-snippet":"max-snippet:-1","max-image-preview":"max-image-preview:large","max-video-preview":"max-video-preview:-1"},"canonical":"https:\/\/www.aele.ae\/en\/gran-celebracion-de-navidad-de-el-cole-en-dubai\/","og_locale":"en_GB","og_type":"article","og_title":"Gran celebraci\u00f3n de Navidad de 'El Cole' en Dubai - Agrupaci\u00f3n Educativa de Lengua Espa\u00f1ola","og_description":"Alumnos, familias y profesores participan en un evento art\u00edstico que clausura las clases de un exitoso a\u00f1o 2019 para el centro. Un\u00a0rotundo \u00e9xito\u00a0ha sido el\u00a0proyecto educativo [\u2026]","og_url":"https:\/\/www.aele.ae\/en\/gran-celebracion-de-navidad-de-el-cole-en-dubai\/","og_site_name":"Agrupaci\u00f3n Educativa de Lengua Espa\u00f1ola","article_published_time":"2021-11-22T12:00:25+00:00","article_modified_time":"2021-11-24T16:04:53+00:00","og_image":[{"width":839,"height":558,"url":"https:\/\/www.aele.ae\/wp-content\/uploads\/2021\/11\/el_cole_acto_de_navidad_2.jpg","type":"image\/jpeg"}],"author":"admin","twitter_card":"summary_large_image","twitter_misc":{"Written by":"admin","Estimated reading time":"1 minute"},"schema":{"@context":"https:\/\/schema.org","@graph":[{"@type":"WebPage","@id":"https:\/\/www.aele.ae\/en\/gran-celebracion-de-navidad-de-el-cole-en-dubai\/","url":"https:\/\/www.aele.ae\/en\/gran-celebracion-de-navidad-de-el-cole-en-dubai\/","name":"Gran celebraci\u00f3n de Navidad de 'El Cole' en Dubai - Agrupaci\u00f3n Educativa de Lengua Espa\u00f1ola","isPartOf":{"@id":"https:\/\/www.aele.ae\/#website"},"datePublished":"2021-11-22T12:00:25+00:00","dateModified":"2021-11-24T16:04:53+00:00","author":{"@id":"https:\/\/www.aele.ae\/#\/schema\/person\/c341d4cc222c58e47e2ccf4d548a8fe7"},"breadcrumb":{"@id":"https:\/\/www.aele.ae\/en\/gran-celebracion-de-navidad-de-el-cole-en-dubai\/#breadcrumb"},"inLanguage":"en-GB","potentialAction":[{"@type":"ReadAction","target":["https:\/\/www.aele.ae\/en\/gran-celebracion-de-navidad-de-el-cole-en-dubai\/"]}]},{"@type":"BreadcrumbList","@id":"https:\/\/www.aele.ae\/en\/gran-celebracion-de-navidad-de-el-cole-en-dubai\/#breadcrumb","itemListElement":[{"@type":"ListItem","position":1,"name":"Portada","item":"https:\/\/www.aele.ae\/"},{"@type":"ListItem","position":2,"name":"Gran celebraci\u00f3n de Navidad de &#8216;El Cole&#8217; en Dubai"}]},{"@type":"WebSite","@id":"https:\/\/www.aele.ae\/#website","url":"https:\/\/www.aele.ae\/","name":"Agrupaci\u00f3n Educativa de Lengua Espa\u00f1ola","description":"Otro sitio realizado con WordPress","potentialAction":[{"@type":"SearchAction","target":{"@type":"EntryPoint","urlTemplate":"https:\/\/www.aele.ae\/?s={search_term_string}"},"query-input":"required name=search_term_string"}],"inLanguage":"en-GB"},{"@type":"Person","@id":"https:\/\/www.aele.ae\/#\/schema\/person\/c341d4cc222c58e47e2ccf4d548a8fe7","name":"admin","image":{"@type":"ImageObject","inLanguage":"en-GB","@id":"https:\/\/www.aele.ae\/#\/schema\/person\/image\/","url":"https:\/\/secure.gravatar.com\/avatar\/4edc72f7e998c1c7194e805ea875df993af9aa5723a1c791c0e3efdeb11491a1?s=96&d=mm&r=g","contentUrl":"https:\/\/secure.gravatar.com\/avatar\/4edc72f7e998c1c7194e805ea875df993af9aa5723a1c791c0e3efdeb11491a1?s=96&d=mm&r=g","caption":"admin"},"sameAs":["http:\/\/localhost\/aele"],"url":"https:\/\/www.aele.ae\/en\/author\/admin\/"}]}},"_links":{"self":[{"href":"https:\/\/www.aele.ae\/en\/wp-json\/wp\/v2\/posts\/114","targetHints":{"allow":["GET"]}}],"collection":[{"href":"https:\/\/www.aele.ae\/en\/wp-json\/wp\/v2\/posts"}],"about":[{"href":"https:\/\/www.aele.ae\/en\/wp-json\/wp\/v2\/types\/post"}],"author":[{"embeddable":true,"href":"https:\/\/www.aele.ae\/en\/wp-json\/wp\/v2\/users\/1"}],"replies":[{"embeddable":true,"href":"https:\/\/www.aele.ae\/en\/wp-json\/wp\/v2\/comments?post=114"}],"version-history":[{"count":2,"href":"https:\/\/www.aele.ae\/en\/wp-json\/wp\/v2\/posts\/114\/revisions"}],"predecessor-version":[{"id":140,"href":"https:\/\/www.aele.ae\/en\/wp-json\/wp\/v2\/posts\/114\/revisions\/140"}],"wp:featuredmedia":[{"embeddable":true,"href":"https:\/\/www.aele.ae\/en\/wp-json\/wp\/v2\/media\/115"}],"wp:attachment":[{"href":"https:\/\/www.aele.ae\/en\/wp-json\/wp\/v2\/media?parent=114"}],"wp:term":[{"taxonomy":"category","embeddable":true,"href":"https:\/\/www.aele.ae\/en\/wp-json\/wp\/v2\/categories?post=114"},{"taxonomy":"post_tag","embeddable":true,"href":"https:\/\/www.aele.ae\/en\/wp-json\/wp\/v2\/tags?post=114"}],"curies":[{"name":"wp","href":"https:\/\/api.w.org\/{rel}","templated":true}]}}